{"id":4975,"date":"2011-11-29T15:59:29","date_gmt":"2011-11-29T15:59:29","guid":{"rendered":"http:\/\/www.cultura21.net\/lint%c3%a9gration-des-exp%c3%a9rimentations-%c3%a9cologiques-dans-un-spectacle-de-danse"},"modified":"2014-01-13T11:51:20","modified_gmt":"2014-01-13T10:51:20","slug":"lint%c3%a9gration-des-exp%c3%a9rimentations-%c3%a9cologiques-dans-un-spectacle-de-danse","status":"publish","type":"post","link":"https:\/\/www.cultura21.net\/fr\/sujets\/arts-fr\/lint%c3%a9gration-des-exp%c3%a9rimentations-%c3%a9cologiques-dans-un-spectacle-de-danse\/","title":{"rendered":"L&#8217;int\u00e9gration des exp\u00e9rimentations \u00e9cologiques dans un spectacle de danse"},"content":{"rendered":"<p><strong>Table Ronde &#8211; <\/strong><a href=\"http:\/\/www.cultura21.net\/wp-content\/uploads\/2011\/11\/Imagine-2020.png\"><img loading=\"lazy\" decoding=\"async\" class=\"alignleft size-full wp-image-4976\" title=\"Imagine 2020\" src=\"http:\/\/www.cultura21.net\/wp-content\/uploads\/2011\/11\/Imagine-2020.png\" alt=\"\" width=\"250\" height=\"79\" \/><\/a><strong>Jeudi 1er d\u00e9cembre 2011- 18H00 &#8211; 19H30 &#8211; Th\u00e9\u00e2tre de la Ville, Paris<\/strong><br \/>\nLoge Sarah Bernhardt, acc\u00e8s par le 16 quai de Gesvres (pas d&#8217;entr\u00e9e possible par le hall principal).<\/p>\n<p>L&#8217;int\u00e9gration des exp\u00e9rimentations \u00e9cologiques dans un spectacle de danse : Quelles sont les motivations qui poussent les artistes \u00e0 int\u00e9grer des solutions \u00e9cologiques ? Quel impact artistique et technique sur la construction du spectacle? Quel r\u00f4le pour les th\u00e9\u00e2tres dans cette d\u00e9marche ?<\/p>\n<p><strong>Prue Lang<\/strong>, <strong>Jeanne Bloch<\/strong> et <strong>Nathalie Rozot<\/strong> vous invitent \u00e0 d\u00e9battre avec elles \u00e0 partir de leurs exp\u00e9riences de cr\u00e9ation et de recherche :<\/p>\n<p>&#8211; <em>Un r\u00e9seau translucide<\/em>, Prue Lang<\/p>\n<p>Enqu\u00eate sur l&#8217;activit\u00e9 humaine comme une source renouvelable d&#8217;\u00e9nergie, ce travail vise \u00e0 repenser les modes habituels de production artistique, pour cr\u00e9er un spectacle qui produit et fonctionne \u00e0 100% sur sa propre \u00e9nergie. Un syst\u00e8me est invent\u00e9 pour que les interpr\u00e8tes fournissent l\u2019\u00e9nergie n\u00e9cessaire \u00e0 la production de la lumi\u00e8re et du son.<\/p>\n<p>&#8211; <em>Twice Out Of Paradise<\/em>, Jeanne Bloch<\/p>\n<p>Par le biais d&#8217;un spectacle de danse et d&#8217;une \u00e9co-recherche lumi\u00e8res, Twice Out Of Paradise cherche \u00e0 comprendre notre rapport au r\u00eave d&#8217;une soci\u00e9t\u00e9 id\u00e9ale en examinant comment nos soci\u00e9t\u00e9s s&#8217;emparent des th\u00e9matiques \u00e9cologiques. Ce projet a b\u00e9n\u00e9fici\u00e9 d&#8217;une r\u00e9sidence au CENTQUATRE (\u00e9t\u00e9 2011). L&#8217;\u00e9co-recherche lumi\u00e8res est r\u00e9alis\u00e9e en partenariat evec le Think Tank PhoScope (Nathalie Rozot).<\/p>\n<p>Avec le soutien d&#8217;Imagine 2020 &#8211; Art &amp; Changement Climatique (http:\/\/www.imagine2020.eu),<\/p>\n<p><strong>Entr\u00e9e libre sur r\u00e9servation<\/strong> : jeannebloch@gmail.com (06 80 35 88 43); contact@pruelang.com (06 67 06 06 44)<\/p>\n<p>http:\/\/www.pruelang.com<\/p>\n<p>http:\/\/www.twiceoutofparadise.com<\/p>\n<p>http:\/\/www.phoscope.org ; http:\/\/www.nrozot.com<\/p>\n","protected":false},"excerpt":{"rendered":"<p>Table Ronde &#8211; Jeudi 1er d\u00e9cembre 2011- 18H00 &#8211; 19H30 &#8211; Th\u00e9\u00e2tre de la Ville, Paris Loge Sarah Bernhardt, acc\u00e8s par le 16 quai de Gesvres (pas d&#8217;entr\u00e9e possible par le hall principal). L&#8217;int\u00e9gration des exp\u00e9rimentations \u00e9cologiques dans un spectacle de danse : Quelles sont les motivations qui poussent les artistes \u00e0 int\u00e9grer des solutions&hellip; <a class=\"more-link\" href=\"https:\/\/www.cultura21.net\/fr\/sujets\/arts-fr\/lint%c3%a9gration-des-exp%c3%a9rimentations-%c3%a9cologiques-dans-un-spectacle-de-danse\/\">Continue reading <span class=\"screen-reader-text\">L&#8217;int\u00e9gration des exp\u00e9rimentations \u00e9cologiques dans un spectacle de danse<\/span><\/a><\/p>\n","protected":false},"author":11,"featured_media":0,"comment_status":"closed","ping_status":"open","sticky":false,"template":"","format":"standard","meta":{"footnotes":""},"categories":[79,154,95],"tags":[261,676,262,209,344],"_links":{"self":[{"href":"https:\/\/www.cultura21.net\/fr\/wp-json\/wp\/v2\/posts\/4975"}],"collection":[{"href":"https:\/\/www.cultura21.net\/fr\/wp-json\/wp\/v2\/posts"}],"about":[{"href":"https:\/\/www.cultura21.net\/fr\/wp-json\/wp\/v2\/types\/post"}],"author":[{"embeddable":true,"href":"https:\/\/www.cultura21.net\/fr\/wp-json\/wp\/v2\/users\/11"}],"replies":[{"embeddable":true,"href":"https:\/\/www.cultura21.net\/fr\/wp-json\/wp\/v2\/comments?post=4975"}],"version-history":[{"count":0,"href":"https:\/\/www.cultura21.net\/fr\/wp-json\/wp\/v2\/posts\/4975\/revisions"}],"wp:attachment":[{"href":"https:\/\/www.cultura21.net\/fr\/wp-json\/wp\/v2\/media?parent=4975"}],"wp:term":[{"taxonomy":"category","embeddable":true,"href":"https:\/\/www.cultura21.net\/fr\/wp-json\/wp\/v2\/categories?post=4975"},{"taxonomy":"post_tag","embeddable":true,"href":"https:\/\/www.cultura21.net\/fr\/wp-json\/wp\/v2\/tags?post=4975"}],"curies":[{"name":"wp","href":"https:\/\/api.w.org\/{rel}","templated":true}]}}