{"id":4312,"date":"2011-09-04T20:31:20","date_gmt":"2011-09-04T20:31:20","guid":{"rendered":"http:\/\/www.cultura21.net\/le-1er-forum-cultura21-en-allemagne"},"modified":"2014-01-13T11:45:29","modified_gmt":"2014-01-13T10:45:29","slug":"le-1er-forum-cultura21-en-allemagne","status":"publish","type":"post","link":"https:\/\/www.cultura21.net\/fr\/c21news-fr\/le-1er-forum-cultura21-en-allemagne\/","title":{"rendered":"Le 1er Forum Cultura21 en Allemagne"},"content":{"rendered":"<p>Cultura21 e.V. a le plaisir de vous annoncer le premier Forum Cultura21 en Allemagne:<\/p>\n<h2>La Culture de(s) l&#8217;\u00e9cologie(s): jardins et complexit\u00e9 dans les zones rurales et urbaines<\/h2>\n<h4>23 au 25 septembre 2011 \u2013 Studio &#8220;Kunst und Landschaft&#8221; \u00e0 Hude (env. 13 km d&#8217;Oldenburg)<\/h4>\n<p><a href=\"http:\/\/www.cultura21.net\/wp-content\/uploads\/2011\/07\/Atelierhof1small1.jpg\"><img loading=\"lazy\" decoding=\"async\" class=\"alignleft\" title=\"Atelierhof1small1\" src=\"http:\/\/www.cultura21.net\/wp-content\/uploads\/2011\/07\/Atelierhof1small1.jpg\" alt=\"\" width=\"309\" height=\"225\" \/><\/a><em>L&#8217;i<em>nscriptio<em>n est requise <\/em><\/em> &#8211; L&#8217;\u00e9v\u00e9<em>neme<em>nt sera bili<em>ngue<\/em><\/em><\/em>, et esse<em>ntielleme<em>nt e<em>n allema<em>nd. <\/em><\/em><em><\/em><\/em><\/em><\/em><\/p>\n<p>Le Forum \u201cCultura21\u201d commence le <strong>vendredi soir<\/strong> avec un \u00e9v\u00e9nement public auStudio &#8220;Kunst und Landschaft\u201d. L&#8217;artiste \u00e9cologique Insa Winkler assurera une visite guid\u00e9e du lieu. Trois orateurs \u00e9voqueront le th\u00e8mes de &#8220;culture(s) de soutenabilit\u00e9 (cultures jardin\u00e8res)\u201d. Le <strong>Samedi, <\/strong>les participants inscrits au Forum Cultura21 pourront participer \u00e0 des s\u00e9minaires et des sessions de travail . Le<strong> dimanche, <\/strong>il\u00a0 y aura aussi un \u00e9v\u00e9nement public avec trois intervenants et un panel de discussion. Les orateurs partageront leur vision d&#8217;une culture participative et collective de l&#8217;\u00e9cologie dans les zones rurales et urbaines. Le Forum se terminera avec un &#8220;jardinage guerilla&#8221; (guerilla gardening), pr\u00e9par\u00e9 le jour pr\u00e9c\u00e9dent.<\/p>\n<p>Pour plus d&#8217;informations, voir la version de cette page en <a href=\"http:\/\/www.cultura21.net\/activites\/conferences\/the-1st-cultura21-forum-in-germany\">anglais<\/a>.<\/p>\n","protected":false},"excerpt":{"rendered":"<p>Cultura21 e.V. a le plaisir de vous annoncer le premier Forum Cultura21 en Allemagne: La Culture de(s) l&#8217;\u00e9cologie(s): jardins et complexit\u00e9 dans les zones rurales et urbaines 23 au 25 septembre 2011 \u2013 Studio &#8220;Kunst und Landschaft&#8221; \u00e0 Hude (env. 13 km d&#8217;Oldenburg) L&#8217;inscription est requise &#8211; L&#8217;\u00e9v\u00e9nement sera bilingue, et essentiellement en allemand. Le&hellip; <a class=\"more-link\" href=\"https:\/\/www.cultura21.net\/fr\/c21news-fr\/le-1er-forum-cultura21-en-allemagne\/\">Continue reading <span class=\"screen-reader-text\">Le 1er Forum Cultura21 en Allemagne<\/span><\/a><\/p>\n","protected":false},"author":15,"featured_media":0,"comment_status":"closed","ping_status":"open","sticky":false,"template":"","format":"standard","meta":{"footnotes":""},"categories":[83,65,80],"tags":[270,251,302],"_links":{"self":[{"href":"https:\/\/www.cultura21.net\/fr\/wp-json\/wp\/v2\/posts\/4312"}],"collection":[{"href":"https:\/\/www.cultura21.net\/fr\/wp-json\/wp\/v2\/posts"}],"about":[{"href":"https:\/\/www.cultura21.net\/fr\/wp-json\/wp\/v2\/types\/post"}],"author":[{"embeddable":true,"href":"https:\/\/www.cultura21.net\/fr\/wp-json\/wp\/v2\/users\/15"}],"replies":[{"embeddable":true,"href":"https:\/\/www.cultura21.net\/fr\/wp-json\/wp\/v2\/comments?post=4312"}],"version-history":[{"count":0,"href":"https:\/\/www.cultura21.net\/fr\/wp-json\/wp\/v2\/posts\/4312\/revisions"}],"wp:attachment":[{"href":"https:\/\/www.cultura21.net\/fr\/wp-json\/wp\/v2\/media?parent=4312"}],"wp:term":[{"taxonomy":"category","embeddable":true,"href":"https:\/\/www.cultura21.net\/fr\/wp-json\/wp\/v2\/categories?post=4312"},{"taxonomy":"post_tag","embeddable":true,"href":"https:\/\/www.cultura21.net\/fr\/wp-json\/wp\/v2\/tags?post=4312"}],"curies":[{"name":"wp","href":"https:\/\/api.w.org\/{rel}","templated":true}]}}