{"id":2035,"date":"2011-03-06T22:14:45","date_gmt":"2011-03-06T22:14:45","guid":{"rendered":"http:\/\/www.cultura21.net\/paroles-de-nature"},"modified":"2014-01-13T11:42:36","modified_gmt":"2014-01-13T10:42:36","slug":"paroles-de-nature","status":"publish","type":"post","link":"https:\/\/www.cultura21.net\/fr\/sujets\/nature-fr\/paroles-de-nature\/","title":{"rendered":"Paroles de Nature"},"content":{"rendered":"<p>Paroles de Nature est un collectif travaillant sur le projet du peuple Kichwa de Sarayeku en Equateur pour r\u00e9sister \u00e0 l\u2019implantation p\u00e9troli\u00e8re en train d\u2019envahir la quasi-totalit\u00e9 du pays. A travers l\u2019art et les artistes, en faisant pousser une clairiere entour\u00e9e d\u2019arbre, un chemin de fleurs, fronti\u00e8re de vie&#8230; Prochaine rencontre:<\/p>\n<p><strong>Lundi 21 mars \u00e0 17h30 \u00a0\u00e0 l&#8217;Espace Krajcberg, 21 av du Maine, 75015 Paris<\/strong> : R\u00e9union globale du Collectif. Travail sur l&#8217;inspiration \u00a0du projet : quelle inspiration nous vient de Sarayaku ? Comment cela peut entrer en \u00e9cho avec nos d\u00e9marches de cr\u00e9ation ici ? Comment faire na\u00eetre des \u0153uvres, inspirer \u00a0+ accueil des nouveaux + poser les p\u00e9riodes de prochaines expos, spectacles + renforcer 1er cercle organisation &#8230;.<\/p>\n<p>Pour de plus amples informations:\u00a0 <a href=\"http:\/\/www.frontieredevie.org\/\" target=\"_blank\">www.frontieredevie.org<\/a><\/p>\n","protected":false},"excerpt":{"rendered":"<p>Paroles de Nature est un collectif travaillant sur le projet du peuple Kichwa de Sarayeku en Equateur pour r\u00e9sister \u00e0 l\u2019implantation p\u00e9troli\u00e8re en train d\u2019envahir la quasi-totalit\u00e9 du pays. A travers l\u2019art et les artistes, en faisant pousser une clairiere entour\u00e9e d\u2019arbre, un chemin de fleurs, fronti\u00e8re de vie&#8230; Prochaine rencontre: Lundi 21 mars \u00e0&hellip; <a class=\"more-link\" href=\"https:\/\/www.cultura21.net\/fr\/sujets\/nature-fr\/paroles-de-nature\/\">Continue reading <span class=\"screen-reader-text\">Paroles de Nature<\/span><\/a><\/p>\n","protected":false},"author":15,"featured_media":0,"comment_status":"closed","ping_status":"open","sticky":false,"template":"","format":"standard","meta":{"footnotes":""},"categories":[78],"tags":[415],"_links":{"self":[{"href":"https:\/\/www.cultura21.net\/fr\/wp-json\/wp\/v2\/posts\/2035"}],"collection":[{"href":"https:\/\/www.cultura21.net\/fr\/wp-json\/wp\/v2\/posts"}],"about":[{"href":"https:\/\/www.cultura21.net\/fr\/wp-json\/wp\/v2\/types\/post"}],"author":[{"embeddable":true,"href":"https:\/\/www.cultura21.net\/fr\/wp-json\/wp\/v2\/users\/15"}],"replies":[{"embeddable":true,"href":"https:\/\/www.cultura21.net\/fr\/wp-json\/wp\/v2\/comments?post=2035"}],"version-history":[{"count":0,"href":"https:\/\/www.cultura21.net\/fr\/wp-json\/wp\/v2\/posts\/2035\/revisions"}],"wp:attachment":[{"href":"https:\/\/www.cultura21.net\/fr\/wp-json\/wp\/v2\/media?parent=2035"}],"wp:term":[{"taxonomy":"category","embeddable":true,"href":"https:\/\/www.cultura21.net\/fr\/wp-json\/wp\/v2\/categories?post=2035"},{"taxonomy":"post_tag","embeddable":true,"href":"https:\/\/www.cultura21.net\/fr\/wp-json\/wp\/v2\/tags?post=2035"}],"curies":[{"name":"wp","href":"https:\/\/api.w.org\/{rel}","templated":true}]}}