{"id":1501,"date":"2011-01-21T12:23:25","date_gmt":"2011-01-21T12:23:25","guid":{"rendered":"http:\/\/www.cultura21.net\/culture-et-d%c3%a9veloppement-durable-par-jean-michel-lucas"},"modified":"2014-01-13T11:41:59","modified_gmt":"2014-01-13T10:41:59","slug":"culture-et-d%c3%a9veloppement-durable-par-jean-michel-lucas","status":"publish","type":"post","link":"https:\/\/www.cultura21.net\/fr\/sujets\/sustainability-fr\/culture-et-d%c3%a9veloppement-durable-par-jean-michel-lucas\/","title":{"rendered":"Culture et d\u00e9veloppement durable, par Jean-Michel Lucas"},"content":{"rendered":"<p>Lien vers un document r\u00e9dig\u00e9 par Jean-Michel Lucas, qui y d\u00e9veloppe des propos tenus lors du forum Ready to change de Ljubljana, Slov\u00e9nie, 3 d\u00e9cembre 2010. Th\u00e9matique: \u00ab\u00a0Culture et d\u00e9veloppement durable\u00a0\u00bb.<\/p>\n<p>Lire le document sur le site du <strong><a href=\"http:\/\/cultural-engineering.com\/2011\/01\/13\/culture-et-developpement-durable-1\/ \">Cultural Engineering Group (C.E.G)<\/a>.<br \/>\n<\/strong><\/p>\n","protected":false},"excerpt":{"rendered":"<p>Lien vers un document r\u00e9dig\u00e9 par Jean-Michel Lucas, qui y d\u00e9veloppe des propos tenus lors du forum Ready to change de Ljubljana, Slov\u00e9nie, 3 d\u00e9cembre 2010. Th\u00e9matique: \u00ab\u00a0Culture et d\u00e9veloppement durable\u00a0\u00bb. Lire le document sur le site du Cultural Engineering Group (C.E.G).<\/p>\n","protected":false},"author":15,"featured_media":0,"comment_status":"closed","ping_status":"open","sticky":false,"template":"","format":"standard","meta":{"footnotes":""},"categories":[154,95],"tags":[188,303,296,302],"_links":{"self":[{"href":"https:\/\/www.cultura21.net\/fr\/wp-json\/wp\/v2\/posts\/1501"}],"collection":[{"href":"https:\/\/www.cultura21.net\/fr\/wp-json\/wp\/v2\/posts"}],"about":[{"href":"https:\/\/www.cultura21.net\/fr\/wp-json\/wp\/v2\/types\/post"}],"author":[{"embeddable":true,"href":"https:\/\/www.cultura21.net\/fr\/wp-json\/wp\/v2\/users\/15"}],"replies":[{"embeddable":true,"href":"https:\/\/www.cultura21.net\/fr\/wp-json\/wp\/v2\/comments?post=1501"}],"version-history":[{"count":0,"href":"https:\/\/www.cultura21.net\/fr\/wp-json\/wp\/v2\/posts\/1501\/revisions"}],"wp:attachment":[{"href":"https:\/\/www.cultura21.net\/fr\/wp-json\/wp\/v2\/media?parent=1501"}],"wp:term":[{"taxonomy":"category","embeddable":true,"href":"https:\/\/www.cultura21.net\/fr\/wp-json\/wp\/v2\/categories?post=1501"},{"taxonomy":"post_tag","embeddable":true,"href":"https:\/\/www.cultura21.net\/fr\/wp-json\/wp\/v2\/tags?post=1501"}],"curies":[{"name":"wp","href":"https:\/\/api.w.org\/{rel}","templated":true}]}}