{"id":10181,"date":"2014-01-31T12:40:41","date_gmt":"2014-01-31T11:40:41","guid":{"rendered":"http:\/\/www.cultura21.net\/?p=10181"},"modified":"2014-02-03T13:27:54","modified_gmt":"2014-02-03T12:27:54","slug":"campagne-de-solidarite-pour-idea-association-internationale-deducation-dramatiquetheatre","status":"publish","type":"post","link":"https:\/\/www.cultura21.net\/fr\/activities-fr\/calls-fr\/campagne-de-solidarite-pour-idea-association-internationale-deducation-dramatiquetheatre\/","title":{"rendered":"Campagne de solidarit\u00e9 pour IDEA (Association Internationale d&#8217;Education Dramatique\/Theatre)"},"content":{"rendered":"<p>IDEA (Association Internationale d&#8217;Education Dramatique\/Theatre) demande le soutien de toutes personnes en faveur de l&#8217;\u00e9ducation artistique, pour aider \u00e0 r\u00e9soudre une situation difficile dont ils font actuellement l&#8217;exp\u00e9rience avec le Minist\u00e8re de la Culture du Br\u00e9sil.<\/p>\n<p>Le <strong>but de la campagne<\/strong> en bref (citation de Robin Pascoe):<\/p>\n<blockquote><p>Nous devons convaincre la Ministre de la Culture, Madame Marta Supliciy, afin qu\u2019elle intervienne pour r\u00e9soudre un cas qui a nuit s\u00e9rieusement \u00e0 la vie professionnelle et personnelle d\u2019importants \u00e9ducateurs de th\u00e9atre du r\u00e9seau br\u00e9silien d\u2019\u00e9ducateurs aux arts (ABRA). Durant trois ans, ABRA a port\u00e9 une dette qui a grandi et s\u2019\u00e9l\u00e8ve maintenant \u00e0 300,000 dollars am\u00e9ricains, caus\u00e9e par le Minist\u00e8re de la Culture, qui a refus\u00e9 de rencontrer les organisateurs afin de concerter une r\u00e9solution bilat\u00e9rale, depuis janvier 2012.<\/p><\/blockquote>\n<p>Veuillez trouver <strong>de plus amples d\u00e9tails<\/strong> dans ce fichier PDF:\u00a0<a href=\"http:\/\/www.cultura21.net\/wp-content\/uploads\/2014\/01\/Lettre-du-President-de-lIDEA-aux-membres-e-amis-janvier-2014.pdf\">Lettre du President de IDEA aux membres et amis (janvier 2014)<\/a>\u00a0&#8230; Pour <span style=\"color: #ff0000;\"><strong>soutenir<\/strong><\/span> cette campagne, \u00a0veuillez utiliser le document suivant:\u00a0<a href=\"http:\/\/www.cultura21.net\/wp-content\/uploads\/2014\/01\/Lettre-de-action-janvier-2014.doc\">Lettre d&#8217;action (janvier 2014)<\/a>.<\/p>\n<p>Vous pouvez aussi visionner cette <strong>vid\u00e9o<\/strong> en langue Anglaise, sous-titr\u00e9e en Portugais, par Manoela Souza du r\u00e9seau Br\u00e9silien d&#8217;\u00e9ducateurs aux arts:<br \/>\n<iframe loading=\"lazy\" src=\"\/\/www.youtube.com\/embed\/sVxedy1YQnM?rel=0\" height=\"360\" width=\"640\" allowfullscreen=\"\" frameborder=\"0\"><\/iframe><\/p>\n","protected":false},"excerpt":{"rendered":"<p>IDEA (Association Internationale d&#8217;Education Dramatique\/Theatre) demande le soutien de toutes personnes en faveur de l&#8217;\u00e9ducation artistique, pour aider \u00e0 r\u00e9soudre une situation difficile dont ils font actuellement l&#8217;exp\u00e9rience avec le Minist\u00e8re de la Culture du Br\u00e9sil. Le but de la campagne en bref (citation de Robin Pascoe): Nous devons convaincre la Ministre de la Culture,&hellip; <a class=\"more-link\" href=\"https:\/\/www.cultura21.net\/fr\/activities-fr\/calls-fr\/campagne-de-solidarite-pour-idea-association-internationale-deducation-dramatiquetheatre\/\">Continue reading <span class=\"screen-reader-text\">Campagne de solidarit\u00e9 pour IDEA (Association Internationale d&#8217;Education Dramatique\/Theatre)<\/span><\/a><\/p>\n","protected":false},"author":11,"featured_media":10205,"comment_status":"closed","ping_status":"open","sticky":false,"template":"","format":"standard","meta":{"footnotes":""},"categories":[17,90],"tags":[240],"_links":{"self":[{"href":"https:\/\/www.cultura21.net\/fr\/wp-json\/wp\/v2\/posts\/10181"}],"collection":[{"href":"https:\/\/www.cultura21.net\/fr\/wp-json\/wp\/v2\/posts"}],"about":[{"href":"https:\/\/www.cultura21.net\/fr\/wp-json\/wp\/v2\/types\/post"}],"author":[{"embeddable":true,"href":"https:\/\/www.cultura21.net\/fr\/wp-json\/wp\/v2\/users\/11"}],"replies":[{"embeddable":true,"href":"https:\/\/www.cultura21.net\/fr\/wp-json\/wp\/v2\/comments?post=10181"}],"version-history":[{"count":0,"href":"https:\/\/www.cultura21.net\/fr\/wp-json\/wp\/v2\/posts\/10181\/revisions"}],"wp:featuredmedia":[{"embeddable":true,"href":"https:\/\/www.cultura21.net\/fr\/wp-json\/wp\/v2\/media\/10205"}],"wp:attachment":[{"href":"https:\/\/www.cultura21.net\/fr\/wp-json\/wp\/v2\/media?parent=10181"}],"wp:term":[{"taxonomy":"category","embeddable":true,"href":"https:\/\/www.cultura21.net\/fr\/wp-json\/wp\/v2\/categories?post=10181"},{"taxonomy":"post_tag","embeddable":true,"href":"https:\/\/www.cultura21.net\/fr\/wp-json\/wp\/v2\/tags?post=10181"}],"curies":[{"name":"wp","href":"https:\/\/api.w.org\/{rel}","templated":true}]}}