{"id":11154,"date":"2015-02-24T04:18:57","date_gmt":"2015-02-24T03:18:57","guid":{"rendered":"http:\/\/www.cultura21.net\/?p=11154"},"modified":"2015-02-24T04:21:40","modified_gmt":"2015-02-24T03:21:40","slug":"se-presenta-colectivo-tres-art","status":"publish","type":"post","link":"https:\/\/www.cultura21.net\/es\/general-es\/se-presenta-colectivo-tres-art\/","title":{"rendered":"Se presenta: colectivo Tres Art desde la Ciudad de M\u00e9xico"},"content":{"rendered":"<p><a href=\"http:\/\/www.cultura21.net\/wp-content\/uploads\/2015\/02\/TRES-Art-Archipielago-intervencion-2009-0021.jpg\"><img loading=\"lazy\" decoding=\"async\" class=\"alignright size-medium wp-image-11150\" src=\"http:\/\/www.cultura21.net\/wp-content\/uploads\/2015\/02\/TRES-Art-Archipielago-intervencion-2009-0021-300x231.jpg\" alt=\"TRES Art Archipielago-intervencion-2009-002\" width=\"300\" height=\"231\" srcset=\"https:\/\/www.cultura21.net\/wp-content\/uploads\/2015\/02\/TRES-Art-Archipielago-intervencion-2009-0021-300x231.jpg 300w, https:\/\/www.cultura21.net\/wp-content\/uploads\/2015\/02\/TRES-Art-Archipielago-intervencion-2009-0021.jpg 670w\" sizes=\"(max-width: 300px) 100vw, 300px\" \/><\/a>Conformado en 2009 por Ilana Boltvinik, Mariana Ma\u00f1\u00f3n, Rodrigo Vi\u00f1as. Exploran el espacio p\u00fablico a trav\u00e9s de pr\u00e1cticas art\u00edsticas, en particular la basura como residuo conceptual y como postura pol\u00edtica.<\/p>\n<p>Una de las partes fundamentales que ha caracterizado nuestro trabajo como colectivo, es sin duda los frecuentes recorridos que hacemos por el espacio p\u00fablico, con o sin di-recci\u00f3n espec\u00edfica, en donde observamos y formulamos un sin fin de cuestionamientos sobre el espacio que nos rodea. Tenemos una fijaci\u00f3n por la basura, la acumulaci\u00f3n de objetos, los desechos, y nuestra mirada se atrapa siempre alrededor de esos temas cuando estamos caminando. La visi\u00f3n del pepenador nos ha dotado de una est\u00e9tica espec\u00edfica cuando nos comunicamos y relacionamos con el espacio p\u00fablico. Una de las cosas que nos interesa abordar sobre la basura es su car\u00e1cter informativo, es decir la capacidad que tiene para almacenar informaci\u00f3n simb\u00f3lica a trav\u00e9s de la cual se puede elaborar un retrato tanto individual como colectivo, y que nos permite analizar la rela-ci\u00f3n que como sociedad establecemos con el consumo y el desecho.<\/p>\n<p>Sus obras han sido expuestas en la Bienal Metr\u00f3polis 2009 (Dinamarca), la secci\u00f3n de arte p\u00fablico del 25 Festival de M\u00e9xico en el Centro Hist\u00f3rico (Ciudad de M\u00e9xico), en Amsterdam Global City #2: Mexico, WCA World Cinema (Holanda), en ViBGYOR International Film Festival en Kerala, India, Transitio MX_05 en Ciudad de M\u00e9xico, entre otros. De manera individual sus trabajos se han mostrado en m\u00e1s de 20 exposiciones en Am\u00e9rica Latina y Europa.<\/p>\n<p><a href=\"http:\/\/www.tresartcollective.com\/ABOUT-TRES\" target=\"_blank\">http:\/\/www.tresartcollective.com\/ABOUT-TRES<\/a><\/p>\n","protected":false},"excerpt":{"rendered":"<p>Conformado en 2009 por Ilana Boltvinik, Mariana Ma\u00f1\u00f3n, Rodrigo Vi\u00f1as. Exploran el espacio p\u00fablico a trav\u00e9s de pr\u00e1cticas art\u00edsticas, en particular la basura como residuo conceptual y como postura pol\u00edtica. Una de las partes fundamentales que ha caracterizado nuestro trabajo como colectivo, es sin duda los frecuentes recorridos que hacemos por el espacio p\u00fablico, con&hellip; <a class=\"more-link\" href=\"https:\/\/www.cultura21.net\/es\/general-es\/se-presenta-colectivo-tres-art\/\">Continue reading <span class=\"screen-reader-text\">Se presenta: colectivo Tres Art desde la Ciudad de M\u00e9xico<\/span><\/a><\/p>\n","protected":false},"author":12,"featured_media":0,"comment_status":"closed","ping_status":"open","sticky":false,"template":"","format":"standard","meta":{"footnotes":""},"categories":[7],"tags":[],"_links":{"self":[{"href":"https:\/\/www.cultura21.net\/es\/wp-json\/wp\/v2\/posts\/11154"}],"collection":[{"href":"https:\/\/www.cultura21.net\/es\/wp-json\/wp\/v2\/posts"}],"about":[{"href":"https:\/\/www.cultura21.net\/es\/wp-json\/wp\/v2\/types\/post"}],"author":[{"embeddable":true,"href":"https:\/\/www.cultura21.net\/es\/wp-json\/wp\/v2\/users\/12"}],"replies":[{"embeddable":true,"href":"https:\/\/www.cultura21.net\/es\/wp-json\/wp\/v2\/comments?post=11154"}],"version-history":[{"count":1,"href":"https:\/\/www.cultura21.net\/es\/wp-json\/wp\/v2\/posts\/11154\/revisions"}],"predecessor-version":[{"id":11159,"href":"https:\/\/www.cultura21.net\/es\/wp-json\/wp\/v2\/posts\/11154\/revisions\/11159"}],"wp:attachment":[{"href":"https:\/\/www.cultura21.net\/es\/wp-json\/wp\/v2\/media?parent=11154"}],"wp:term":[{"taxonomy":"category","embeddable":true,"href":"https:\/\/www.cultura21.net\/es\/wp-json\/wp\/v2\/categories?post=11154"},{"taxonomy":"post_tag","embeddable":true,"href":"https:\/\/www.cultura21.net\/es\/wp-json\/wp\/v2\/tags?post=11154"}],"curies":[{"name":"wp","href":"https:\/\/api.w.org\/{rel}","templated":true}]}}