{"id":9419,"date":"2013-08-06T18:04:14","date_gmt":"2013-08-06T16:04:14","guid":{"rendered":"http:\/\/www.cultura21.net\/philosophisches-caf%c3%a9"},"modified":"2014-01-13T13:03:23","modified_gmt":"2014-01-13T12:03:23","slug":"philosophisches-caf%c3%a9","status":"publish","type":"post","link":"https:\/\/www.cultura21.net\/de\/literatur-de\/philosophisches-caf%c3%a9\/","title":{"rendered":"philosophisches caf\u00e9"},"content":{"rendered":"<p><strong>Thema: Lebendigkeit <\/strong><br \/>\n<strong>G\u00e4ste: Natalie Knapp und Andreas Weber, Reinhard Kahl moderiert<\/strong><\/p>\n<p style=\"text-align: center;\"><a href=\"http:\/\/www.cultura21.net\/wp-content\/uploads\/2013\/08\/logo.gif\"><img loading=\"lazy\" decoding=\"async\" class=\"size-full wp-image-9420 aligncenter\" alt=\"logo\" src=\"http:\/\/www.cultura21.net\/wp-content\/uploads\/2013\/08\/logo.gif\" width=\"432\" height=\"107\" \/><\/a><\/p>\n<p>\u201eLebendiges k\u00f6nnen wir nur erfassen, wenn wir uns selbst als Resonanzk\u00f6rper dessen verstehen, was sich im Augenblick ereignet.\u201d Natalie Knapp<\/p>\n<p>\u201eDer zentrale Irrtum unserer Zivilisation liegt darin, dass wir vergessen haben, was Lebendigkeit ist.\u201d Andreas Weber<\/p>\n<p>Geht es den rationalen Wissenschaften vor allem ums Funktionieren und \u00dcberleben? Haben sie einen Begriff von Lebendigkeit verloren? Ist ihnen dieses Wort sogar schon suspekt? Und die damit verbundene Haltung erst recht? Das Unbehagen \u00fcber diesen gro\u00dfen blinden Fleck w\u00e4chst. Kritik kommt auch aus dem Inneren der Wissenschaften. Auch die noch so rationale Wissenschaft basiert auf Erfahrungsmustern. \u201eWir k\u00f6nnen nur deshalb Mathematik betreiben, weil wir eine Beziehung zur Zahl Eins haben, uns selbst als Eines erleben und mit der Eins eine Erfahrung verbinden\u201d, schreibt Natalie Knapp. Das aber sei nur die eine Seite. \u201eDas Denken in Beziehungen ist eine ebenso einfache wie notwendige Erg\u00e4nzung zum rationalen Denken.\u201d<\/p>\n<p>Die Biologie, so Weber, beginne zu entdecken, \u201edass Empfindung und Ausdruck von Individualit\u00e4t kein Zufallsph\u00e4nomen sind, sondern die Weise wie Lebewesen \u00fcberhaupt existieren k\u00f6nnen, und dass daher Bedeutung und Poesie bereits im Herzen der Natur verankert sind. Bildet sich heute eine philosophisch aufgekl\u00e4rte, naturwissenschaftlich fundierte und k\u00fcnstlerisch beglaubigte neue Aufkl\u00e4rung heraus \u2013 ein ,Enlivenment\u2018, welches das ,Enlightenment\u2018 erg\u00e4nzt?\u201d Der Vorschlag von Knapp und Weber: Erkenntnis von der wissenschaftlichen Faktizit\u00e4t und der Logik sprachlicher Argumente in eine verk\u00f6rperte, bedeutungsvolle Rationalit\u00e4t zu erweitern und dabei zu verwandeln! Ein Wagnis. \u201eDenn die Sicherheit der Wissenschaft weicht der Unsicherheit einer stets prek\u00e4ren Existenz.\u201d Diese Unsicherheit allerdings \u201eist ein Wahrnehmungsorgan\u201d. Eines, auf das die scheinbar rein objektiven Strategien verzichten.<\/p>\n<p>Natalie Knapp ist Philosophin und Autorin in Berlin. Zuletzt: \u201eKompass neues Denken\u201d bei Rowohlt. Der Biologe und Philosoph Andreas Weber lebt und schreibt in Berlin und Varese. Zuletzt: \u201eMinima Animalia\u201d, think Oya Verlag. Davor \u201eAlles f\u00fchlt\u201d und \u201eBiokapital\u201d, im Berlin Verlag.<br \/>\nKarten sind ab 10.7. an allen bekannten Vorverkaufsstellen, in der Buchhandlung Samtleben, \u00fcber diese Website, bei der Hotline 0180-50 15 729 sowie an der Abendkasse erh\u00e4ltlich. Mitglieder des Literaturhaus e.V. k\u00f6nnen ihre Tickets ab 5.7. unter Telefon 040-22 70 20 11 buchen und an der Abendkasse abholen.<\/p>\n<p>Eintritt: 10,-\/8,-\/6,-<\/p>\n<p>dienstag | 13. august 2013 | 19.00 uhr<\/p>\n<p>Ort: Literaturhaus &#8211; Schwanenwik 38 &#8211; 22087 Hamburg<\/p>\n<p><a title=\"Mehr Infos\" href=\"http:\/\/www.literaturhaus-hamburg.de\/lit\/schedule\/6072\/philosophischescaf?.html\" target=\"_blank\">Mehr Infos<\/a><\/p>\n","protected":false},"excerpt":{"rendered":"<p>Thema: Lebendigkeit G\u00e4ste: Natalie Knapp und Andreas Weber, Reinhard Kahl moderiert \u201eLebendiges k\u00f6nnen wir nur erfassen, wenn wir uns selbst als Resonanzk\u00f6rper dessen verstehen, was sich im Augenblick ereignet.\u201d Natalie Knapp \u201eDer zentrale Irrtum unserer Zivilisation liegt darin, dass wir vergessen haben, was Lebendigkeit ist.\u201d Andreas Weber Geht es den rationalen Wissenschaften vor allem ums&hellip; <a class=\"more-link\" href=\"https:\/\/www.cultura21.net\/de\/literatur-de\/philosophisches-caf%c3%a9\/\"><span class=\"screen-reader-text\">philosophisches caf\u00e9<\/span> weiterlesen<\/a><\/p>\n","protected":false},"author":17,"featured_media":0,"comment_status":"closed","ping_status":"open","sticky":false,"template":"","format":"standard","meta":{"footnotes":""},"categories":[102,113,59],"tags":[511,713,510,562,289,1234],"_links":{"self":[{"href":"https:\/\/www.cultura21.net\/de\/wp-json\/wp\/v2\/posts\/9419"}],"collection":[{"href":"https:\/\/www.cultura21.net\/de\/wp-json\/wp\/v2\/posts"}],"about":[{"href":"https:\/\/www.cultura21.net\/de\/wp-json\/wp\/v2\/types\/post"}],"author":[{"embeddable":true,"href":"https:\/\/www.cultura21.net\/de\/wp-json\/wp\/v2\/users\/17"}],"replies":[{"embeddable":true,"href":"https:\/\/www.cultura21.net\/de\/wp-json\/wp\/v2\/comments?post=9419"}],"version-history":[{"count":0,"href":"https:\/\/www.cultura21.net\/de\/wp-json\/wp\/v2\/posts\/9419\/revisions"}],"wp:attachment":[{"href":"https:\/\/www.cultura21.net\/de\/wp-json\/wp\/v2\/media?parent=9419"}],"wp:term":[{"taxonomy":"category","embeddable":true,"href":"https:\/\/www.cultura21.net\/de\/wp-json\/wp\/v2\/categories?post=9419"},{"taxonomy":"post_tag","embeddable":true,"href":"https:\/\/www.cultura21.net\/de\/wp-json\/wp\/v2\/tags?post=9419"}],"curies":[{"name":"wp","href":"https:\/\/api.w.org\/{rel}","templated":true}]}}