{"id":7895,"date":"2012-11-12T18:48:44","date_gmt":"2012-11-12T18:48:44","guid":{"rendered":"http:\/\/www.cultura21.net\/stadtentwicklung-und-kreativwirtschaft-von-kreativen-milieus-und-der-planung-offener-r%c3%a4ume"},"modified":"2014-01-13T12:59:49","modified_gmt":"2014-01-13T11:59:49","slug":"stadtentwicklung-und-kreativwirtschaft-von-kreativen-milieus-und-der-planung-offener-r%c3%a4ume","status":"publish","type":"post","link":"https:\/\/www.cultura21.net\/de\/themen\/cities-de\/stadtentwicklung-und-kreativwirtschaft-von-kreativen-milieus-und-der-planung-offener-r%c3%a4ume\/","title":{"rendered":"Stadtentwicklung und Kreativwirtschaft: Von kreativen Milieus und der Planung offener R\u00e4ume"},"content":{"rendered":"<h3><img loading=\"lazy\" decoding=\"async\" class=\"alignleft size-thumbnail wp-image-7897\" title=\"Gr\u00fcner Salon \" src=\"http:\/\/www.cultura21.net\/wp-content\/uploads\/2012\/11\/Gruener_Salon_Button_neu_280px-150x150.png\" alt=\"\" width=\"150\" height=\"150\" \/>Gr\u00fcner Salon 45 im Kellertheater Hamburg &#8211; 13. November 2012 &#8211; 19:00 \u2013 21:00 Uhr<\/h3>\n<p>Die Kreativwirtschaft und verbunden damit eine Stadtentwicklungspolitik, die eine geeignete Atmosph\u00e4re f\u00fcr kreatives Schaffen speziell in Hamburg als Ziel hat,\u00a0 ist das Thema der Diskussionsrunde, organisiert von der <strong>Heinrich-B\u00f6ll-Stiftung <\/strong>am Dienstagabend in Hamburg.<\/p>\n<p>Am Beispiel des Oberhafens soll Entstehung und Entwicklung eines kreativwirtschaftlichen Sektors aus politischer und wissenschaftlicher Sicht thematisiert werden, dazu wird diskutiert wie es um kreative R\u00e4ume in anderen Gro\u00dfst\u00e4dten wie z.B. Berlin steht. Zur Einstimmung werden Kurzfilme zum Thema gezeigt.<\/p>\n<p>G\u00e4ste sind:<\/p>\n<ul>\n<li>Christa Goetsch &#8211; B\u00fcrgermeisterin a.D., Kulturpolitische Sprecherin der Gr\u00fcnen-B\u00fcrgerschaftsfraktion<\/li>\n<li>Prof. Gesa Ziemer &#8211; Vizepr\u00e4sidentin Forschung an der Hafencity Universit\u00e4t Hamburg<\/li>\n<li>J\u00fcrgen Bruns-Berentelg &#8211; Vorsitzender der Gesch\u00e4ftsf\u00fchrung HafenCity Hamburg GmbH<\/li>\n<li>J\u00fcrgen Breiter &#8211; Urban Curator, Initiative \u201eStadt Neudenken\u201d, Berlin<\/li>\n<\/ul>\n<p>Mehr Informationen <a href=\"http:\/\/www.umdenken-boell.de\/calendar\/VA-viewevt.aspx?evtid=12046\" target=\"_blank\">hier<\/a>.<\/p>\n","protected":false},"excerpt":{"rendered":"<p>Gr\u00fcner Salon 45 im Kellertheater Hamburg &#8211; 13. November 2012 &#8211; 19:00 \u2013 21:00 Uhr Die Kreativwirtschaft und verbunden damit eine Stadtentwicklungspolitik, die eine geeignete Atmosph\u00e4re f\u00fcr kreatives Schaffen speziell in Hamburg als Ziel hat,\u00a0 ist das Thema der Diskussionsrunde, organisiert von der Heinrich-B\u00f6ll-Stiftung am Dienstagabend in Hamburg. Am Beispiel des Oberhafens soll Entstehung und&hellip; <a class=\"more-link\" href=\"https:\/\/www.cultura21.net\/de\/themen\/cities-de\/stadtentwicklung-und-kreativwirtschaft-von-kreativen-milieus-und-der-planung-offener-r%c3%a4ume\/\"><span class=\"screen-reader-text\">Stadtentwicklung und Kreativwirtschaft: Von kreativen Milieus und der Planung offener R\u00e4ume<\/span> weiterlesen<\/a><\/p>\n","protected":false},"author":135,"featured_media":0,"comment_status":"closed","ping_status":"open","sticky":false,"template":"","format":"standard","meta":{"footnotes":""},"categories":[156,108,110],"tags":[713,324,1004],"_links":{"self":[{"href":"https:\/\/www.cultura21.net\/de\/wp-json\/wp\/v2\/posts\/7895"}],"collection":[{"href":"https:\/\/www.cultura21.net\/de\/wp-json\/wp\/v2\/posts"}],"about":[{"href":"https:\/\/www.cultura21.net\/de\/wp-json\/wp\/v2\/types\/post"}],"author":[{"embeddable":true,"href":"https:\/\/www.cultura21.net\/de\/wp-json\/wp\/v2\/users\/135"}],"replies":[{"embeddable":true,"href":"https:\/\/www.cultura21.net\/de\/wp-json\/wp\/v2\/comments?post=7895"}],"version-history":[{"count":0,"href":"https:\/\/www.cultura21.net\/de\/wp-json\/wp\/v2\/posts\/7895\/revisions"}],"wp:attachment":[{"href":"https:\/\/www.cultura21.net\/de\/wp-json\/wp\/v2\/media?parent=7895"}],"wp:term":[{"taxonomy":"category","embeddable":true,"href":"https:\/\/www.cultura21.net\/de\/wp-json\/wp\/v2\/categories?post=7895"},{"taxonomy":"post_tag","embeddable":true,"href":"https:\/\/www.cultura21.net\/de\/wp-json\/wp\/v2\/tags?post=7895"}],"curies":[{"name":"wp","href":"https:\/\/api.w.org\/{rel}","templated":true}]}}