{"id":5665,"date":"2012-04-11T10:00:03","date_gmt":"2012-04-11T10:00:03","guid":{"rendered":"http:\/\/www.cultura21.net\/mcplanet-2012-vom-20-22-april-an-der-tu-berlin"},"modified":"2014-01-13T12:56:24","modified_gmt":"2014-01-13T11:56:24","slug":"mcplanet-2012-vom-20-22-april-an-der-tu-berlin","status":"publish","type":"post","link":"https:\/\/www.cultura21.net\/de\/themen\/nachhaltigkeit\/mcplanet-2012-vom-20-22-april-an-der-tu-berlin\/","title":{"rendered":"McPlanet 2012 &#8211; vom 20.-22.April an der TU Berlin"},"content":{"rendered":"<p>McPlanet.com 2012 ist die 5. Auflage des erfolgreichen Bewegungskongresses an der Schnittstelle von globaler Gerechtigkeit, Globalisierungskritik und Umweltbewegung. Die zentralen Themen der \u00f6kologischen Bewegung werden kritisch hinterfragt: was bringt uns die &#8222;Green Economy&#8220;? Kann der Ern\u00e4hrungsbedarf von neun Milliarden Menschen mit \u00f6kologischer Landwirtschaft gedeckt werden? Wie kann die Energieversorgung dezentral und konfliktfrei organisiert werden? Was bedeutet die Politik nachhaltiger Entwicklung 20 Jahre nach Rio?<\/p>\n<p>Der globalisierungkritische Kongress wird in Kooperation mit Attac, Brot f\u00fcr die Welt, BUND, EED, Forum Umwelt und Entwicklung, Greenpeace, Heinrich-B\u00f6ll-Stiftung und terre des hommes organisiert und hat sich mit 1.500-2.000 Teilnehmern und Teilnehmerinnen zu einem der wichtigsten Events von Globalisierungskritik und Umweltbewegung der letzten Jahre in Deutschland entwickelt. Er soll Anregung zum Mitmachen und Mitmischen bieten und den Einflu\u00df der B\u00fcrgerinnen und B\u00fcrger auf die internationale Klimapolitik st\u00e4rken.<\/p>\n<p>Weitere Informationen und Anmeldung zum Kongress auf der <a href=\"https:\/\/www.mcplanet.com\/mcplanetcom\/\">Homepage.<\/a><\/p>\n","protected":false},"excerpt":{"rendered":"<p>McPlanet.com 2012 ist die 5. Auflage des erfolgreichen Bewegungskongresses an der Schnittstelle von globaler Gerechtigkeit, Globalisierungskritik und Umweltbewegung. Die zentralen Themen der \u00f6kologischen Bewegung werden kritisch hinterfragt: was bringt uns die &#8222;Green Economy&#8220;? Kann der Ern\u00e4hrungsbedarf von neun Milliarden Menschen mit \u00f6kologischer Landwirtschaft gedeckt werden? Wie kann die Energieversorgung dezentral und konfliktfrei organisiert werden? Was&hellip; <a class=\"more-link\" href=\"https:\/\/www.cultura21.net\/de\/themen\/nachhaltigkeit\/mcplanet-2012-vom-20-22-april-an-der-tu-berlin\/\"><span class=\"screen-reader-text\">McPlanet 2012 &#8211; vom 20.-22.April an der TU Berlin<\/span> weiterlesen<\/a><\/p>\n","protected":false},"author":14,"featured_media":0,"comment_status":"closed","ping_status":"open","sticky":false,"template":"","format":"standard","meta":{"footnotes":""},"categories":[135,103,61],"tags":[564,1555,1543],"_links":{"self":[{"href":"https:\/\/www.cultura21.net\/de\/wp-json\/wp\/v2\/posts\/5665"}],"collection":[{"href":"https:\/\/www.cultura21.net\/de\/wp-json\/wp\/v2\/posts"}],"about":[{"href":"https:\/\/www.cultura21.net\/de\/wp-json\/wp\/v2\/types\/post"}],"author":[{"embeddable":true,"href":"https:\/\/www.cultura21.net\/de\/wp-json\/wp\/v2\/users\/14"}],"replies":[{"embeddable":true,"href":"https:\/\/www.cultura21.net\/de\/wp-json\/wp\/v2\/comments?post=5665"}],"version-history":[{"count":0,"href":"https:\/\/www.cultura21.net\/de\/wp-json\/wp\/v2\/posts\/5665\/revisions"}],"wp:attachment":[{"href":"https:\/\/www.cultura21.net\/de\/wp-json\/wp\/v2\/media?parent=5665"}],"wp:term":[{"taxonomy":"category","embeddable":true,"href":"https:\/\/www.cultura21.net\/de\/wp-json\/wp\/v2\/categories?post=5665"},{"taxonomy":"post_tag","embeddable":true,"href":"https:\/\/www.cultura21.net\/de\/wp-json\/wp\/v2\/tags?post=5665"}],"curies":[{"name":"wp","href":"https:\/\/api.w.org\/{rel}","templated":true}]}}