{"id":5169,"date":"2012-01-18T08:35:14","date_gmt":"2012-01-18T08:35:14","guid":{"rendered":"http:\/\/www.cultura21.net\/konferenz-radius-of-art"},"modified":"2014-01-13T12:48:59","modified_gmt":"2014-01-13T11:48:59","slug":"konferenz-radius-of-art","status":"publish","type":"post","link":"https:\/\/www.cultura21.net\/de\/themen\/nachhaltigkeit\/konferenz-radius-of-art\/","title":{"rendered":"Konferenz: Radius of art"},"content":{"rendered":"<p><img loading=\"lazy\" decoding=\"async\" class=\"alignleft size-full wp-image-5170\" title=\"\" src=\"http:\/\/www.cultura21.net\/wp-content\/uploads\/2012\/01\/radius_header11.jpg\" alt=\"\" width=\"391\" height=\"122\" srcset=\"https:\/\/www.cultura21.net\/wp-content\/uploads\/2012\/01\/radius_header11.jpg 391w, https:\/\/www.cultura21.net\/wp-content\/uploads\/2012\/01\/radius_header11-300x93.jpg 300w\" sizes=\"(max-width: 391px) 100vw, 391px\" \/><\/p>\n<p><strong>Berlin<\/strong><br \/>\n<strong>8.-9. Februar 2012<\/strong><\/p>\n<p>Mit der internationalen Fachkonferenz \u201eRadius of art: Kreative Politisierung des \u00f6ffentlichen Raums \/ Kulturelle Potentiale f\u00fcr soziale Transformation\u201c (am 8. und 9. Februar 2012, Berlin) sollen Kunst- und Kulturprojekte in den Fokus des politischen respektive kulturpolitischen Diskurses ger\u00fcckt werden. Die gezielte Auswahl der Referenten, K\u00fcnstler und Kulturschaffenden aus allen Kontinenten sowie die Beteiligung international renommierter Kulturstiftungen und Kulturf\u00f6rderer, experimenteller Kunstr\u00e4ume und innovativer Studienprogramme versprechen einen interessanten Austausch. <!--more--><\/p>\n<p>F\u00fcr Cultura21 unterst\u00fctzt Dr. Sacha Kagan die Heinrich-B\u00f6ll-Stiftung f\u00fcr die Konzeption und Koordination der Konferenzsektion \u201cArt toward cultures of sustainability\u201d. Am 8. Februar 2012 um 19.30 Uhr findet eine f\u00fcr das \u00f6ffentliche Publikum zug\u00e4ngliche Veranstaltung an der HBS Berlin statt und durch einen Live-Stream Mitschnitt wird die Konferenz der breiten \u00d6ffentlichkeit zug\u00e4nglich gemacht. Weitere Informationen auf der Website: <a href=\"http:\/\/www.radius-of-art.de\/conference\/\" target=\"_blank\">http:\/\/www.radius-of-art.de\/conference\/<\/a><\/p>\n","protected":false},"excerpt":{"rendered":"<p>Berlin 8.-9. Februar 2012 Mit der internationalen Fachkonferenz \u201eRadius of art: Kreative Politisierung des \u00f6ffentlichen Raums \/ Kulturelle Potentiale f\u00fcr soziale Transformation\u201c (am 8. und 9. Februar 2012, Berlin) sollen Kunst- und Kulturprojekte in den Fokus des politischen respektive kulturpolitischen Diskurses ger\u00fcckt werden. Die gezielte Auswahl der Referenten, K\u00fcnstler und Kulturschaffenden aus allen Kontinenten sowie&hellip; <a class=\"more-link\" href=\"https:\/\/www.cultura21.net\/de\/themen\/nachhaltigkeit\/konferenz-radius-of-art\/\"><span class=\"screen-reader-text\">Konferenz: Radius of art<\/span> weiterlesen<\/a><\/p>\n","protected":false},"author":67,"featured_media":13404,"comment_status":"closed","ping_status":"open","sticky":false,"template":"","format":"standard","meta":{"footnotes":""},"categories":[64,103,107,61],"tags":[1543],"_links":{"self":[{"href":"https:\/\/www.cultura21.net\/de\/wp-json\/wp\/v2\/posts\/5169"}],"collection":[{"href":"https:\/\/www.cultura21.net\/de\/wp-json\/wp\/v2\/posts"}],"about":[{"href":"https:\/\/www.cultura21.net\/de\/wp-json\/wp\/v2\/types\/post"}],"author":[{"embeddable":true,"href":"https:\/\/www.cultura21.net\/de\/wp-json\/wp\/v2\/users\/67"}],"replies":[{"embeddable":true,"href":"https:\/\/www.cultura21.net\/de\/wp-json\/wp\/v2\/comments?post=5169"}],"version-history":[{"count":0,"href":"https:\/\/www.cultura21.net\/de\/wp-json\/wp\/v2\/posts\/5169\/revisions"}],"wp:featuredmedia":[{"embeddable":true,"href":"https:\/\/www.cultura21.net\/de\/wp-json\/wp\/v2\/media\/13404"}],"wp:attachment":[{"href":"https:\/\/www.cultura21.net\/de\/wp-json\/wp\/v2\/media?parent=5169"}],"wp:term":[{"taxonomy":"category","embeddable":true,"href":"https:\/\/www.cultura21.net\/de\/wp-json\/wp\/v2\/categories?post=5169"},{"taxonomy":"post_tag","embeddable":true,"href":"https:\/\/www.cultura21.net\/de\/wp-json\/wp\/v2\/tags?post=5169"}],"curies":[{"name":"wp","href":"https:\/\/api.w.org\/{rel}","templated":true}]}}