{"id":4900,"date":"2011-11-24T11:06:18","date_gmt":"2011-11-24T11:06:18","guid":{"rendered":"http:\/\/www.cultura21.net\/premiere-rote-utopie"},"modified":"2014-01-13T11:51:21","modified_gmt":"2014-01-13T10:51:21","slug":"premiere-rote-utopie","status":"publish","type":"post","link":"https:\/\/www.cultura21.net\/de\/veranstaltungen\/premiere-rote-utopie\/","title":{"rendered":"Premiere: Rote Utopie"},"content":{"rendered":"<p align=\"LEFT\"><strong><span style=\"font-family: Arial,sans-serif;\"><span style=\"font-size: small;\"><img loading=\"lazy\" decoding=\"async\" class=\"alignleft size-full wp-image-4902\" src=\"http:\/\/www.cultura21.net\/wp-content\/uploads\/2011\/11\/rote-utopie.jpg\" alt=\"\" width=\"184\" height=\"366\" \/>K\u00f6ln<br \/>\n11. Dezember 2011<\/span><\/span><\/strong><\/p>\n<p align=\"LEFT\"><span style=\"font-family: Arial,sans-serif;\"><span style=\"font-size: small;\">Am 11. Dezember 2011 um 20 Uhr l\u00e4dt die au\u00dfergew\u00f6hnliche Tanztheater Performance Rote Utopie zur Premiere im Alten Wartesaal in K\u00f6ln ein. Sieben K\u00fcnstler aus den ehemaligen kommunistischen L\u00e4ndern gestalten das interkulturelle Performance Projekt, das sich dem Thema Freiheit widmet. Auf der Basis von autobiographischen Erfahrungen und des Experimentierens finden sie k\u00fcnstlerische Antworten auf substanzielle Fragen \u00fcber Freiheit: <\/span><\/span><\/p>\n<p align=\"LEFT\"><span style=\"font-family: Arial,sans-serif;\"><span style=\"font-size: small;\">Was ist das Wesen von Freiheit? Wie verhalten sich individuelle und kollektive Freiheit zueinander? Ist Freiheit nur eine sch\u00f6ne Utopie?<\/span><\/span><\/p>\n<p align=\"LEFT\"><span style=\"font-family: Arial,sans-serif;\"><span style=\"font-size: small;\">Die K\u00fcnstler aus verschiedenen Disziplinen vereinen sich unter der k\u00fcnstlerischen Leitung von Elissavet Hasse zu einer besonderen Performance, deren Erkenntnis folgende ist:<br \/>\nDie Erfahrung von Freiheit ist ein universelles Bed\u00fcrfnis der menschlichen Natur.<br \/>\nDes Weiteren ist der Begriff Freiheit eng mit dem des <\/span><\/span><span style=\"color: #000000;\"><span style=\"font-family: Arial,sans-serif;\"><span style=\"font-size: small;\">menschlichen Grundrechts <\/span><\/span><\/span><span style=\"font-family: Arial,sans-serif;\"><span style=\"font-size: small;\">verbunden. <\/span><\/span><\/p>\n<p align=\"LEFT\"><span style=\"font-family: Arial,sans-serif;\"><span style=\"font-size: small;\">Das Projekt wird neben dem Kulturamt der Stadt K\u00f6ln daher auch von der Menschenrechtsorganisation Amnesty International unterst\u00fctzt.<\/span><\/span><\/p>\n","protected":false},"excerpt":{"rendered":"<p>K\u00f6ln 11. Dezember 2011 Am 11. Dezember 2011 um 20 Uhr l\u00e4dt die au\u00dfergew\u00f6hnliche Tanztheater Performance Rote Utopie zur Premiere im Alten Wartesaal in K\u00f6ln ein. Sieben K\u00fcnstler aus den ehemaligen kommunistischen L\u00e4ndern gestalten das interkulturelle Performance Projekt, das sich dem Thema Freiheit widmet. Auf der Basis von autobiographischen Erfahrungen und des Experimentierens finden sie&hellip; <a class=\"more-link\" href=\"https:\/\/www.cultura21.net\/de\/veranstaltungen\/premiere-rote-utopie\/\"><span class=\"screen-reader-text\">Premiere: Rote Utopie<\/span> weiterlesen<\/a><\/p>\n","protected":false},"author":67,"featured_media":0,"comment_status":"closed","ping_status":"open","sticky":false,"template":"","format":"standard","meta":{"footnotes":""},"categories":[141,107,142,34],"tags":[661,662,1546,543,660],"_links":{"self":[{"href":"https:\/\/www.cultura21.net\/de\/wp-json\/wp\/v2\/posts\/4900"}],"collection":[{"href":"https:\/\/www.cultura21.net\/de\/wp-json\/wp\/v2\/posts"}],"about":[{"href":"https:\/\/www.cultura21.net\/de\/wp-json\/wp\/v2\/types\/post"}],"author":[{"embeddable":true,"href":"https:\/\/www.cultura21.net\/de\/wp-json\/wp\/v2\/users\/67"}],"replies":[{"embeddable":true,"href":"https:\/\/www.cultura21.net\/de\/wp-json\/wp\/v2\/comments?post=4900"}],"version-history":[{"count":0,"href":"https:\/\/www.cultura21.net\/de\/wp-json\/wp\/v2\/posts\/4900\/revisions"}],"wp:attachment":[{"href":"https:\/\/www.cultura21.net\/de\/wp-json\/wp\/v2\/media?parent=4900"}],"wp:term":[{"taxonomy":"category","embeddable":true,"href":"https:\/\/www.cultura21.net\/de\/wp-json\/wp\/v2\/categories?post=4900"},{"taxonomy":"post_tag","embeddable":true,"href":"https:\/\/www.cultura21.net\/de\/wp-json\/wp\/v2\/tags?post=4900"}],"curies":[{"name":"wp","href":"https:\/\/api.w.org\/{rel}","templated":true}]}}