{"id":3726,"date":"2011-06-25T11:01:26","date_gmt":"2011-06-25T11:01:26","guid":{"rendered":"http:\/\/www.cultura21.net\/buchvorsstellung-klimakunstforschung-am-01-juli"},"modified":"2014-01-13T11:45:11","modified_gmt":"2014-01-13T10:45:11","slug":"buchvorsstellung-klimakunstforschung-am-01-juli","status":"publish","type":"post","link":"https:\/\/www.cultura21.net\/de\/literatur-de\/publications-de\/buchvorsstellung-klimakunstforschung-am-01-juli\/","title":{"rendered":"Buchvorsstellung: &#8222;Klimakunstforschung&#8220; am 01. Juli"},"content":{"rendered":"<p><img loading=\"lazy\" decoding=\"async\" class=\"alignleft size-full wp-image-3729\" title=\"klimakunsforschung\" src=\"http:\/\/www.cultura21.net\/wp-content\/uploads\/2011\/06\/klimakunsforschung.jpg\" alt=\"\" width=\"125\" height=\"169\" \/>Im Rahmen der Vorstellung des Buches &#8222;Klimakunstforschung&#8220; pr\u00e4sentiert Mel Chin seine Projekte<em> Revival Field<\/em> und <em>Operation Paydirt<\/em>, f\u00fcr die er mit Wissenschaftlern kooperierte, um B\u00f6den von Schwermetallen zu reinigen. Anschlie\u00dfend diskutieren Mel Chin, Florian Dombois und Tue Greenfort mit den Herausgebern. Damit wird die Salon-Reihe als Forum f\u00fcr den interdisziplin\u00e4ren Austausch \u00fcber k\u00fcnstlerische und wissenschaftliche Forschung im Themenfeld Klima \u2013 Kultur \u2013 Wandel fortgesetzt.<\/p>\n<p>Eintritt frei | Akademie der K\u00fcnste, Pariser Platz 4, 10117 Berlin | Weitere Informationen finden Sie unter: <a href=\"http:\/\/www.adk.de\/de\/aktuell\/veranstaltungen\/index.htm?we_objectID=30265\" target=\"_blank\">www.adk.de<\/a><\/p>\n<p>Der Band Klimakunstforschung stellt 16 K\u00fcnstler vor. Diese wenden in ihren Arbeiten zum Klima wissenschaftliche Methoden an, dekonstruieren solche, kooperieren mit Wissenschaftlern oder formulieren einen eigenen Erkenntnisanspruch. Ver\u00e4ndern diese Ans\u00e4tze die Methodik von Kunst und Wissenschaft? Und k\u00f6nnen sie zur Bew\u00e4ltigung des Klimaproblems beitragen? Wissenschaftler aus Klimaforschung, Soziologie, Wissenschafts- und Kunstgeschichte diskutieren diese Fragen in f\u00fcnf abschlie\u00dfenden Interviews.<\/p>\n<p>Reposted from<a href=\"http:\/\/www.adk.de\/de\/aktuell\/veranstaltungen\/index.htm?we_objectID=30265\" target=\"_blank\"> www.adk.de\/de\/aktuell<\/a><\/p>\n","protected":false},"excerpt":{"rendered":"<p>Im Rahmen der Vorstellung des Buches &#8222;Klimakunstforschung&#8220; pr\u00e4sentiert Mel Chin seine Projekte Revival Field und Operation Paydirt, f\u00fcr die er mit Wissenschaftlern kooperierte, um B\u00f6den von Schwermetallen zu reinigen. Anschlie\u00dfend diskutieren Mel Chin, Florian Dombois und Tue Greenfort mit den Herausgebern. Damit wird die Salon-Reihe als Forum f\u00fcr den interdisziplin\u00e4ren Austausch \u00fcber k\u00fcnstlerische und wissenschaftliche&hellip; <a class=\"more-link\" href=\"https:\/\/www.cultura21.net\/de\/literatur-de\/publications-de\/buchvorsstellung-klimakunstforschung-am-01-juli\/\"><span class=\"screen-reader-text\">Buchvorsstellung: &#8222;Klimakunstforschung&#8220; am 01. Juli<\/span> weiterlesen<\/a><\/p>\n","protected":false},"author":37,"featured_media":0,"comment_status":"closed","ping_status":"open","sticky":false,"template":"","format":"standard","meta":{"footnotes":""},"categories":[109,107,105],"tags":[414,422,1546,1543,1548],"_links":{"self":[{"href":"https:\/\/www.cultura21.net\/de\/wp-json\/wp\/v2\/posts\/3726"}],"collection":[{"href":"https:\/\/www.cultura21.net\/de\/wp-json\/wp\/v2\/posts"}],"about":[{"href":"https:\/\/www.cultura21.net\/de\/wp-json\/wp\/v2\/types\/post"}],"author":[{"embeddable":true,"href":"https:\/\/www.cultura21.net\/de\/wp-json\/wp\/v2\/users\/37"}],"replies":[{"embeddable":true,"href":"https:\/\/www.cultura21.net\/de\/wp-json\/wp\/v2\/comments?post=3726"}],"version-history":[{"count":0,"href":"https:\/\/www.cultura21.net\/de\/wp-json\/wp\/v2\/posts\/3726\/revisions"}],"wp:attachment":[{"href":"https:\/\/www.cultura21.net\/de\/wp-json\/wp\/v2\/media?parent=3726"}],"wp:term":[{"taxonomy":"category","embeddable":true,"href":"https:\/\/www.cultura21.net\/de\/wp-json\/wp\/v2\/categories?post=3726"},{"taxonomy":"post_tag","embeddable":true,"href":"https:\/\/www.cultura21.net\/de\/wp-json\/wp\/v2\/tags?post=3726"}],"curies":[{"name":"wp","href":"https:\/\/api.w.org\/{rel}","templated":true}]}}