{"id":11056,"date":"2014-12-10T14:07:05","date_gmt":"2014-12-10T13:07:05","guid":{"rendered":"http:\/\/www.cultura21.net\/?p=11056"},"modified":"2015-01-22T14:18:40","modified_gmt":"2015-01-22T13:18:40","slug":"pflegeanweisungen-the-art-of-living-together","status":"publish","type":"post","link":"https:\/\/www.cultura21.net\/de\/allgemein\/pflegeanweisungen-the-art-of-living-together\/","title":{"rendered":"Pflegeanweisungen. The art of living together"},"content":{"rendered":"<p><strong>Eine botanische Ausstellung \u00fcber koevolution\u00e4re Prozesse in einer wachsenden Gemeinschaft kultureller Organismen in Berlin, die Bedingungen des Bodens, wo zeitgen\u00f6ssische Kunst produziert und pr\u00e4sentiert wird und (\u00d6ko) Systeme der Pflege.<\/strong><\/p>\n<p><strong>K\u00fcnstlerische Beitr\u00e4ge von<\/strong>\u00a0<a href=\"https:\/\/berlinerpool.de\/profile\/view\/filippo-berta\">Filippo Berta<\/a>\u00a0(IT),\u00a0<a href=\"https:\/\/berlinerpool.de\/profile\/view\/mit-borras\">Mit Borr\u00e1s<\/a>\u00a0(ES),\u00a0<a href=\"https:\/\/berlinerpool.de\/profile\/view\/birgit-cauer\">Birgit Cauer<\/a>\u00a0(DE),\u00a0<a href=\"https:\/\/berlinerpool.de\/profile\/view\/club-real\">Club Real<\/a>\u00a0(AT\/DE),\u00a0<a href=\"https:\/\/berlinerpool.de\/profile\/view\/anaisa-franco\">Anaisa Franco<\/a>\u00a0(BR),\u00a0<a href=\"https:\/\/berlinerpool.de\/profile\/view\/doris-koch\">Doris Koch<\/a>\u00a0(DE),\u00a0<a href=\"https:\/\/berlinerpool.de\/profile\/view\/ruth-le-gear\">Ruth Le Gear<\/a>\u00a0(IR)<\/p>\n<p><strong>Kuratiert von<\/strong>\u00a0Paz Ponce und AndrzejRaszyk\u00a0(<a href=\"https:\/\/berlinerpool.de\/\" target=\"_blank\">Berlinerpool<\/a>) in Kooperation mit Marianne Ramsay-Sonneck und Georg Reinhardt (<a href=\"http:\/\/clubrealblog.com\/\" target=\"_blank\">Club Real<\/a>)<\/p>\n<p>&nbsp;<\/p>\n<p><strong>Mit 15 heimischen Pflanzenarten<\/strong>:\u00a0<a href=\"http:\/\/abbanetzwerk.tumblr.com\/\" target=\"_blank\">AbBA, Allianz bedrohter Berliner Atelierh\u00e4user<\/a>,\u00a0<a href=\"http:\/\/kgberlin.net\/\" target=\"_blank\">KGB &#8211; Kommunale Galerien Berlin<\/a>,\u00a0<a href=\"http:\/\/www.berlinvisit.org\/\" target=\"_blank\">Koalition der Freien Szene<\/a>,\u00a0<a href=\"http:\/\/stadt-neudenken.tumblr.com\/\" target=\"_blank\">Initiative Stadt Neudenken<\/a>,\u00a0<a href=\"http:\/\/www.habenundbrauchen.de\/en\" target=\"_blank\">Haben und Brauchen<\/a>,\u00a0<a href=\"http:\/\/www.projektraeume-berlin.net\/\" target=\"_blank\">Netzwerk freier Berliner Projektr\u00e4ume und -initiativen<\/a>,\u00a0<a href=\"http:\/\/www.laft-berlin.de\/\" target=\"_blank\">LAFT &#8211; Landesverband freie darstellende K\u00fcnste Berlin<\/a>,\u00a0<a href=\"http:\/\/www.rat-fuer-die-kuenste.de\/\" target=\"_blank\">Rat f\u00fcr die K\u00fcnste<\/a>,\u00a0<a href=\"http:\/\/www.interflugs.de\/\" target=\"_blank\">Interflugs<\/a>,\u00a0<a href=\"http:\/\/ngbk.de\/\" target=\"_blank\">NGBK &#8211; Neue Gesellschaft f\u00fcr Bildende Kunst<\/a>,\u00a0<a href=\"http:\/\/www.nbk.org\/en\/\" target=\"_blank\">NBK &#8211; Neuer Berliner Kunstverein<\/a>,\u00a0<a href=\"http:\/\/igbk.de\/\" target=\"_blank\">IGBK &#8211; Internationale Gesellschaft Bildender K\u00fcnstler<\/a>,\u00a0<a href=\"http:\/\/www.bbk-kulturwerk.de\/\" target=\"_blank\">BBK &#8211; berufsverband bildender k\u00fcnstler berlin<\/a>,\u00a0<a href=\"http:\/\/www.kuenstlerbund.de\/\" target=\"_blank\">Deutscher K\u00fcnstlerbund<\/a>,\u00a0<a href=\"http:\/\/www.vbk-art.de\/\" target=\"_blank\">VBK &#8211; Verein Berliner K\u00fcnstler<\/a>.<\/p>\n<p><strong>Er\u00f6ffnung am 12.12.2014 um 19 Uhr<\/strong><\/p>\n<p><strong>Begr\u00fc\u00dfung<\/strong>: Sabine Wei\u00dfler, Bezirksstadtr\u00e4tin f\u00fcr Weiterbildung, Kultur, Umwelt und Naturschutz<br \/>\n<strong>Einf\u00fchrung<\/strong>: Berlinerpool (Kuratorenteam)<\/p>\n<p>&nbsp;<\/p>\n<p><strong>Veranstaltungen ab 19 Uhr, Eintritt frei<\/strong><\/p>\n<p>&#8211; 13.01.15\u00a0<strong>Bew\u00e4sserungsplan<\/strong>\u00a0\u2013 Forum f\u00fcr politische Diskussion \u00fcber F\u00f6rderung, Transparenz und Pflegesysteme.<\/p>\n<p>&#8211; 17.01.15\u00a0<strong>Collaborative Underground<\/strong>\u00a0(C\/U Berlin) &#8211; Ein Fest der rhizomatischen Kr\u00e4fte, die den kollektiven Boden der unabh\u00e4ngigen Kunstproduktion repr\u00e4sentieren. Wiki space mapping der kollaborativen Initiativen , open source-Party und eine Pilzsuppe.<\/p>\n<p>&#8211; 24.01.15\u00a0<strong>Permaculture &#8211;\u00a0<\/strong>\u00a0zu re-generativen und selbsterhaltenden Lebensr\u00e4umen und alternative zuk\u00fcnftige Lebensformen.<\/p>\n<p>&nbsp;<\/p>\n<p><strong>Mit freundlicher Unterst\u00fctzung von<\/strong>\u00a0Bezirksamt Mitte von Berlin, Amt f\u00fcr Weiterbildung und Kultur, Fachbereich Kunst und Kultur, Fachbereichsleitung Dr. Ute M\u00fcller-Tischler.<\/p>\n<p>&nbsp;<\/p>\n<p><strong>LINKS<\/strong><br \/>\n<a href=\"http:\/\/l.facebook.com\/l.php?u=http%3A%2F%2Fwww.berlinerpool.de%2F&amp;h=hAQHuZFAh&amp;enc=AZM-Cad9UAo5sl1AVuYW3uznUtV9qH2HJ7hVWU16euYFYoQz4AlUTUkh7_tKvAtaX08&amp;s=1\">www.berlinerpool.de<\/a>\u00a0\/\u00a0<a href=\"http:\/\/l.facebook.com\/l.php?u=http%3A%2F%2Fwww.clubrealblog.com%2F&amp;h=BAQGwm97Z&amp;enc=AZMU5Sx0b2ejEBc3Ibg7tr-MrYtsu-CfYxsug5ta6ObQ-CC6GvvL-8-J6soJAm1JHNE&amp;s=1\">www.clubrealblog.com<\/a>\u00a0\/\u00a0<a href=\"http:\/\/l.facebook.com\/l.php?u=http%3A%2F%2Fwww.galeriewedding.de%2F&amp;h=1AQGU9Dl5&amp;enc=AZNxHB7FBJPdU9q5YKjBKvBlMbAvdMp2UnJUR67lF0egl2y371zF24Y9RTBNqZUH5lQ&amp;s=1\">www.galeriewedding.de<\/a><\/p>\n<p><strong>PRESSEMITTEILUNG<\/strong><strong>\u00a0&#8211;\u00a0<\/strong><a href=\"http:\/\/wiki.berlinerpool.de\/PFLEGEANWEISUNGEN_Press_de.pdf\" target=\"_blank\">hier klicken<\/a><\/p>\n<p><strong>FACEBOOK EVENT &#8211;\u00a0<\/strong><a href=\"https:\/\/www.facebook.com\/events\/434867166662531\/\" target=\"_blank\">hier klicken<\/a><\/p>\n","protected":false},"excerpt":{"rendered":"<p>Eine botanische Ausstellung \u00fcber koevolution\u00e4re Prozesse in einer wachsenden Gemeinschaft kultureller Organismen in Berlin, die Bedingungen des Bodens, wo zeitgen\u00f6ssische Kunst produziert und pr\u00e4sentiert wird und (\u00d6ko) Systeme der Pflege. K\u00fcnstlerische Beitr\u00e4ge von\u00a0Filippo Berta\u00a0(IT),\u00a0Mit Borr\u00e1s\u00a0(ES),\u00a0Birgit Cauer\u00a0(DE),\u00a0Club Real\u00a0(AT\/DE),\u00a0Anaisa Franco\u00a0(BR),\u00a0Doris Koch\u00a0(DE),\u00a0Ruth Le Gear\u00a0(IR) Kuratiert von\u00a0Paz Ponce und AndrzejRaszyk\u00a0(Berlinerpool) in Kooperation mit Marianne Ramsay-Sonneck und Georg Reinhardt (Club&hellip; <a class=\"more-link\" href=\"https:\/\/www.cultura21.net\/de\/allgemein\/pflegeanweisungen-the-art-of-living-together\/\"><span class=\"screen-reader-text\">Pflegeanweisungen. The art of living together<\/span> weiterlesen<\/a><\/p>\n","protected":false},"author":17,"featured_media":0,"comment_status":"closed","ping_status":"open","sticky":false,"template":"","format":"standard","meta":{"footnotes":""},"categories":[1,156,113,117],"tags":[1498,1495,933,1497,1549,1496],"_links":{"self":[{"href":"https:\/\/www.cultura21.net\/de\/wp-json\/wp\/v2\/posts\/11056"}],"collection":[{"href":"https:\/\/www.cultura21.net\/de\/wp-json\/wp\/v2\/posts"}],"about":[{"href":"https:\/\/www.cultura21.net\/de\/wp-json\/wp\/v2\/types\/post"}],"author":[{"embeddable":true,"href":"https:\/\/www.cultura21.net\/de\/wp-json\/wp\/v2\/users\/17"}],"replies":[{"embeddable":true,"href":"https:\/\/www.cultura21.net\/de\/wp-json\/wp\/v2\/comments?post=11056"}],"version-history":[{"count":3,"href":"https:\/\/www.cultura21.net\/de\/wp-json\/wp\/v2\/posts\/11056\/revisions"}],"predecessor-version":[{"id":11064,"href":"https:\/\/www.cultura21.net\/de\/wp-json\/wp\/v2\/posts\/11056\/revisions\/11064"}],"wp:attachment":[{"href":"https:\/\/www.cultura21.net\/de\/wp-json\/wp\/v2\/media?parent=11056"}],"wp:term":[{"taxonomy":"category","embeddable":true,"href":"https:\/\/www.cultura21.net\/de\/wp-json\/wp\/v2\/categories?post=11056"},{"taxonomy":"post_tag","embeddable":true,"href":"https:\/\/www.cultura21.net\/de\/wp-json\/wp\/v2\/tags?post=11056"}],"curies":[{"name":"wp","href":"https:\/\/api.w.org\/{rel}","templated":true}]}}